{"id":2606,"date":"2019-02-25T14:00:54","date_gmt":"2019-02-25T13:00:54","guid":{"rendered":"https:\/\/www.audionext.de\/?p=2606"},"modified":"2019-02-25T15:09:55","modified_gmt":"2019-02-25T14:09:55","slug":"canjam-new-york-2019","status":"publish","type":"post","link":"https:\/\/www.audionext.de\/archiv\/artikel\/canjam-new-york-2019\/","title":{"rendered":"CanJam New York 2019"},"content":{"rendered":"<div id=\"attachment_2607\" style=\"width: 570px\" class=\"wp-caption alignnone\"><a href=\"https:\/\/www.audionext.de\/archiv\/artikel\/canjam-new-york-2019\/\"><img loading=\"lazy\" decoding=\"async\" aria-describedby=\"caption-attachment-2607\" class=\"wp-image-2607 size-full\" src=\"https:\/\/www.audionext.de\/wp-content\/uploads\/2019\/02\/DSC00080.jpg\" alt=\"\" width=\"560\" height=\"374\" srcset=\"https:\/\/www.audionext.de\/archiv\/wp-content\/uploads\/2019\/02\/DSC00080.jpg 560w, https:\/\/www.audionext.de\/archiv\/wp-content\/uploads\/2019\/02\/DSC00080-300x200.jpg 300w, https:\/\/www.audionext.de\/archiv\/wp-content\/uploads\/2019\/02\/DSC00080-250x167.jpg 250w, https:\/\/www.audionext.de\/archiv\/wp-content\/uploads\/2019\/02\/DSC00080-449x300.jpg 449w\" sizes=\"auto, (max-width: 560px) 100vw, 560px\" \/><\/a><p id=\"caption-attachment-2607\" class=\"wp-caption-text\"><\/a> AURALiC VEGA und TAURUS MKII im Dienste von Focal<\/p><\/div>\n<p>Am 16. und 17. Februar 2019 fand die von Head-Fi organisierte CanJam in New York statt. Wer diese auf Kopf- und Ohrh\u00f6rer spezialisierte Veranstaltung nur aus Los Angeles oder Denver kennt war vom Besucherandrang schier \u00fcberrascht. \u00c4hnlich wie in der Stadt und dem nahe gelegenen Times Square ging es auf der Show sehr quirlig zu. Ein paar Impressionen finden Sie auf den folgenden Bildern.<\/p>\n<p><!--more--><\/p>\n<p><a href=\"https:\/\/www.audionext.de\/wp-content\/uploads\/2019\/02\/DSC00084.jpg\"><img loading=\"lazy\" decoding=\"async\" class=\"alignnone size-large wp-image-2608\" src=\"https:\/\/www.audionext.de\/wp-content\/uploads\/2019\/02\/DSC00084.jpg\" alt=\"\" width=\"560\" height=\"844\" srcset=\"https:\/\/www.audionext.de\/archiv\/wp-content\/uploads\/2019\/02\/DSC00084.jpg 560w, https:\/\/www.audionext.de\/archiv\/wp-content\/uploads\/2019\/02\/DSC00084-199x300.jpg 199w, https:\/\/www.audionext.de\/archiv\/wp-content\/uploads\/2019\/02\/DSC00084-250x377.jpg 250w\" sizes=\"auto, (max-width: 560px) 100vw, 560px\" \/><\/a> <a href=\"https:\/\/www.audionext.de\/wp-content\/uploads\/2019\/02\/DSC00085.jpg\"><img loading=\"lazy\" decoding=\"async\" class=\"alignnone size-large wp-image-2609\" src=\"https:\/\/www.audionext.de\/wp-content\/uploads\/2019\/02\/DSC00085.jpg\" alt=\"\" width=\"560\" height=\"374\" srcset=\"https:\/\/www.audionext.de\/archiv\/wp-content\/uploads\/2019\/02\/DSC00085.jpg 560w, https:\/\/www.audionext.de\/archiv\/wp-content\/uploads\/2019\/02\/DSC00085-300x200.jpg 300w, https:\/\/www.audionext.de\/archiv\/wp-content\/uploads\/2019\/02\/DSC00085-250x167.jpg 250w, https:\/\/www.audionext.de\/archiv\/wp-content\/uploads\/2019\/02\/DSC00085-449x300.jpg 449w\" sizes=\"auto, (max-width: 560px) 100vw, 560px\" \/><\/a> <a href=\"https:\/\/www.audionext.de\/wp-content\/uploads\/2019\/02\/DSC00086.jpg\"><img loading=\"lazy\" decoding=\"async\" class=\"alignnone size-large wp-image-2610\" src=\"https:\/\/www.audionext.de\/wp-content\/uploads\/2019\/02\/DSC00086.jpg\" alt=\"\" width=\"560\" height=\"374\" srcset=\"https:\/\/www.audionext.de\/archiv\/wp-content\/uploads\/2019\/02\/DSC00086.jpg 560w, https:\/\/www.audionext.de\/archiv\/wp-content\/uploads\/2019\/02\/DSC00086-300x200.jpg 300w, https:\/\/www.audionext.de\/archiv\/wp-content\/uploads\/2019\/02\/DSC00086-250x167.jpg 250w, https:\/\/www.audionext.de\/archiv\/wp-content\/uploads\/2019\/02\/DSC00086-449x300.jpg 449w\" sizes=\"auto, (max-width: 560px) 100vw, 560px\" \/><\/a> <a href=\"https:\/\/www.audionext.de\/wp-content\/uploads\/2019\/02\/DSC00088.jpg\"><img loading=\"lazy\" decoding=\"async\" class=\"alignnone size-large wp-image-2611\" src=\"https:\/\/www.audionext.de\/wp-content\/uploads\/2019\/02\/DSC00088.jpg\" alt=\"\" width=\"560\" height=\"374\" srcset=\"https:\/\/www.audionext.de\/archiv\/wp-content\/uploads\/2019\/02\/DSC00088.jpg 560w, https:\/\/www.audionext.de\/archiv\/wp-content\/uploads\/2019\/02\/DSC00088-300x200.jpg 300w, https:\/\/www.audionext.de\/archiv\/wp-content\/uploads\/2019\/02\/DSC00088-250x167.jpg 250w, https:\/\/www.audionext.de\/archiv\/wp-content\/uploads\/2019\/02\/DSC00088-449x300.jpg 449w\" sizes=\"auto, (max-width: 560px) 100vw, 560px\" \/><\/a> <a href=\"https:\/\/www.audionext.de\/wp-content\/uploads\/2019\/02\/DSC00089.jpg\"><img loading=\"lazy\" decoding=\"async\" class=\"alignnone size-large wp-image-2612\" src=\"https:\/\/www.audionext.de\/wp-content\/uploads\/2019\/02\/DSC00089.jpg\" alt=\"\" width=\"560\" height=\"844\" srcset=\"https:\/\/www.audionext.de\/archiv\/wp-content\/uploads\/2019\/02\/DSC00089.jpg 560w, https:\/\/www.audionext.de\/archiv\/wp-content\/uploads\/2019\/02\/DSC00089-199x300.jpg 199w, https:\/\/www.audionext.de\/archiv\/wp-content\/uploads\/2019\/02\/DSC00089-250x377.jpg 250w\" sizes=\"auto, (max-width: 560px) 100vw, 560px\" \/><\/a> <a href=\"https:\/\/www.audionext.de\/wp-content\/uploads\/2019\/02\/DSC00090.jpg\"><img loading=\"lazy\" decoding=\"async\" class=\"alignnone size-large wp-image-2613\" src=\"https:\/\/www.audionext.de\/wp-content\/uploads\/2019\/02\/DSC00090.jpg\" alt=\"\" width=\"560\" height=\"374\" srcset=\"https:\/\/www.audionext.de\/archiv\/wp-content\/uploads\/2019\/02\/DSC00090.jpg 560w, https:\/\/www.audionext.de\/archiv\/wp-content\/uploads\/2019\/02\/DSC00090-300x200.jpg 300w, https:\/\/www.audionext.de\/archiv\/wp-content\/uploads\/2019\/02\/DSC00090-250x167.jpg 250w, https:\/\/www.audionext.de\/archiv\/wp-content\/uploads\/2019\/02\/DSC00090-449x300.jpg 449w\" sizes=\"auto, (max-width: 560px) 100vw, 560px\" \/><\/a> <a href=\"https:\/\/www.audionext.de\/wp-content\/uploads\/2019\/02\/DSC00091.jpg\"><img loading=\"lazy\" decoding=\"async\" class=\"alignnone size-large wp-image-2614\" src=\"https:\/\/www.audionext.de\/wp-content\/uploads\/2019\/02\/DSC00091.jpg\" alt=\"\" width=\"560\" height=\"374\" srcset=\"https:\/\/www.audionext.de\/archiv\/wp-content\/uploads\/2019\/02\/DSC00091.jpg 560w, https:\/\/www.audionext.de\/archiv\/wp-content\/uploads\/2019\/02\/DSC00091-300x200.jpg 300w, https:\/\/www.audionext.de\/archiv\/wp-content\/uploads\/2019\/02\/DSC00091-250x167.jpg 250w, https:\/\/www.audionext.de\/archiv\/wp-content\/uploads\/2019\/02\/DSC00091-449x300.jpg 449w\" sizes=\"auto, (max-width: 560px) 100vw, 560px\" \/><\/a> <a href=\"https:\/\/www.audionext.de\/wp-content\/uploads\/2019\/02\/DSC00093.jpg\"><img loading=\"lazy\" decoding=\"async\" class=\"alignnone size-large wp-image-2615\" src=\"https:\/\/www.audionext.de\/wp-content\/uploads\/2019\/02\/DSC00093.jpg\" alt=\"\" width=\"560\" height=\"844\" srcset=\"https:\/\/www.audionext.de\/archiv\/wp-content\/uploads\/2019\/02\/DSC00093.jpg 560w, https:\/\/www.audionext.de\/archiv\/wp-content\/uploads\/2019\/02\/DSC00093-199x300.jpg 199w, https:\/\/www.audionext.de\/archiv\/wp-content\/uploads\/2019\/02\/DSC00093-250x377.jpg 250w\" sizes=\"auto, (max-width: 560px) 100vw, 560px\" \/><\/a> <a href=\"https:\/\/www.audionext.de\/wp-content\/uploads\/2019\/02\/DSC00095.jpg\"><img loading=\"lazy\" decoding=\"async\" class=\"alignnone size-large wp-image-2616\" src=\"https:\/\/www.audionext.de\/wp-content\/uploads\/2019\/02\/DSC00095.jpg\" alt=\"\" width=\"560\" height=\"844\" srcset=\"https:\/\/www.audionext.de\/archiv\/wp-content\/uploads\/2019\/02\/DSC00095.jpg 560w, https:\/\/www.audionext.de\/archiv\/wp-content\/uploads\/2019\/02\/DSC00095-199x300.jpg 199w, https:\/\/www.audionext.de\/archiv\/wp-content\/uploads\/2019\/02\/DSC00095-250x377.jpg 250w\" sizes=\"auto, (max-width: 560px) 100vw, 560px\" \/><\/a><\/p>","protected":false},"excerpt":{"rendered":"<p>Am 16. und 17. Februar 2019 fand die von Head-Fi organisierte CanJam in New York statt. Wer diese auf Kopf- und Ohrh\u00f6rer spezialisierte Veranstaltung nur aus Los Angeles oder Denver kennt war vom Besucherandrang schier \u00fcberrascht. \u00c4hnlich wie in der &hellip; <a href=\"https:\/\/www.audionext.de\/archiv\/artikel\/canjam-new-york-2019\/\">Weiterlesen <span class=\"meta-nav\">&rarr;<\/span><\/a><\/p>\n","protected":false},"author":3,"featured_media":0,"comment_status":"closed","ping_status":"closed","sticky":false,"template":"","format":"standard","meta":{"footnotes":""},"categories":[38,57,42],"tags":[],"class_list":["post-2606","post","type-post","status-publish","format-standard","hentry","category-auralic","category-mrspeakers","category-veranstaltung"],"_links":{"self":[{"href":"https:\/\/www.audionext.de\/archiv\/wp-json\/wp\/v2\/posts\/2606","targetHints":{"allow":["GET"]}}],"collection":[{"href":"https:\/\/www.audionext.de\/archiv\/wp-json\/wp\/v2\/posts"}],"about":[{"href":"https:\/\/www.audionext.de\/archiv\/wp-json\/wp\/v2\/types\/post"}],"author":[{"embeddable":true,"href":"https:\/\/www.audionext.de\/archiv\/wp-json\/wp\/v2\/users\/3"}],"replies":[{"embeddable":true,"href":"https:\/\/www.audionext.de\/archiv\/wp-json\/wp\/v2\/comments?post=2606"}],"version-history":[{"count":3,"href":"https:\/\/www.audionext.de\/archiv\/wp-json\/wp\/v2\/posts\/2606\/revisions"}],"predecessor-version":[{"id":2619,"href":"https:\/\/www.audionext.de\/archiv\/wp-json\/wp\/v2\/posts\/2606\/revisions\/2619"}],"wp:attachment":[{"href":"https:\/\/www.audionext.de\/archiv\/wp-json\/wp\/v2\/media?parent=2606"}],"wp:term":[{"taxonomy":"category","embeddable":true,"href":"https:\/\/www.audionext.de\/archiv\/wp-json\/wp\/v2\/categories?post=2606"},{"taxonomy":"post_tag","embeddable":true,"href":"https:\/\/www.audionext.de\/archiv\/wp-json\/wp\/v2\/tags?post=2606"}],"curies":[{"name":"wp","href":"https:\/\/api.w.org\/{rel}","templated":true}]}}